{"id":517,"date":"2025-10-12T22:46:36","date_gmt":"2025-10-12T20:46:36","guid":{"rendered":"https:\/\/anioriteam.hu\/blog\/?p=517"},"modified":"2025-10-12T22:48:56","modified_gmt":"2025-10-12T20:48:56","slug":"oriflame-the-one-korrektor","status":"publish","type":"post","link":"https:\/\/anioriteam.hu\/blog\/oriflame-the-one-korrektor\/","title":{"rendered":"Oriflame The One korrektor"},"content":{"rendered":"<p><strong>Oriflame The One korrektor\u00a0<\/strong><\/p>\n<div class=\"adn ads\" data-message-id=\"#msg-a:r8118609012232916305\" data-legacy-message-id=\"19165c262ee0e993\">\n<div class=\"gs\">\n<div class=\"\">\n<div id=\":1b8\" class=\"ii gt\">\n<div id=\":1b7\" class=\"a3s aiL \">\n<h2 dir=\"auto\"><strong>Az Oriflame The One korrektorokr\u00f3l: T\u00f6k\u00e9letes fed\u00e9s minden helyzetben<\/strong><\/h2>\n<div dir=\"auto\"><\/div>\n<div dir=\"auto\">Az Oriflame The One kollekci\u00f3 h\u00e1rom k\u00fcl\u00f6nb\u00f6z\u0151 korrektort k\u00edn\u00e1l, amelyek mindegyike saj\u00e1tos el\u0151ny\u00f6kkel rendelkezik. Ezek a term\u00e9kek nemcsak a b\u0151rhib\u00e1k elfed\u00e9s\u00e9re alkalmasak, hanem a b\u0151r \u00e1pol\u00e1s\u00e1ra is.<\/div>\n<\/div>\n<\/div>\n<\/div>\n<div dir=\"auto\">\n<div id='gallery-1' class='gallery galleryid-517 gallery-columns-3 gallery-size-thumbnail'><figure class='gallery-item'>\n\t\t\t<div class='gallery-icon portrait'>\n\t\t\t\t<a href='https:\/\/anioriteam.hu\/blog\/oriflame-the-one-korrektor\/the-one-sync-korrektor\/'><img loading=\"lazy\" decoding=\"async\" width=\"150\" height=\"150\" src=\"https:\/\/anioriteam.hu\/blog\/wp-content\/uploads\/2018\/04\/the-one-sync-korrektor-150x150.jpg\" class=\"attachment-thumbnail size-thumbnail\" alt=\"The One Everlasting Sync korrektor\" srcset=\"https:\/\/anioriteam.hu\/blog\/wp-content\/uploads\/2018\/04\/the-one-sync-korrektor-150x150.jpg 150w, https:\/\/anioriteam.hu\/blog\/wp-content\/uploads\/2018\/04\/the-one-sync-korrektor-100x100.jpg 100w\" sizes=\"auto, 100vw\" \/><\/a>\n\t\t\t<\/div><\/figure><figure class='gallery-item'>\n\t\t\t<div class='gallery-icon portrait'>\n\t\t\t\t<a href='https:\/\/anioriteam.hu\/blog\/oriflame-the-one-korrektor\/the-one-korrektor-keszlet\/'><img loading=\"lazy\" decoding=\"async\" width=\"150\" height=\"150\" src=\"https:\/\/anioriteam.hu\/blog\/wp-content\/uploads\/2018\/04\/the-one-korrektor-keszlet-150x150.jpg\" class=\"attachment-thumbnail size-thumbnail\" alt=\"The One korrektor k\u00e9szlet\" srcset=\"https:\/\/anioriteam.hu\/blog\/wp-content\/uploads\/2018\/04\/the-one-korrektor-keszlet-150x150.jpg 150w, https:\/\/anioriteam.hu\/blog\/wp-content\/uploads\/2018\/04\/the-one-korrektor-keszlet-100x100.jpg 100w\" sizes=\"auto, 100vw\" \/><\/a>\n\t\t\t<\/div><\/figure><figure class='gallery-item'>\n\t\t\t<div class='gallery-icon landscape'>\n\t\t\t\t<a href='https:\/\/anioriteam.hu\/blog\/oriflame-the-one-korrektor\/the-one-make-up-pro-all-cover\/'><img loading=\"lazy\" decoding=\"async\" width=\"150\" height=\"150\" src=\"https:\/\/anioriteam.hu\/blog\/wp-content\/uploads\/2018\/04\/the-one-make-up-pro-all-cover-150x150.jpg\" class=\"attachment-thumbnail size-thumbnail\" alt=\"The One Make up Pro All Cover\" srcset=\"https:\/\/anioriteam.hu\/blog\/wp-content\/uploads\/2018\/04\/the-one-make-up-pro-all-cover-150x150.jpg 150w, https:\/\/anioriteam.hu\/blog\/wp-content\/uploads\/2018\/04\/the-one-make-up-pro-all-cover-100x100.jpg 100w\" sizes=\"auto, 100vw\" \/><\/a>\n\t\t\t<\/div><\/figure>\n\t\t<\/div>\n\n<\/div>\n<div class=\"\">\n<div id=\":1b8\" class=\"ii gt\">\n<div id=\":1b7\" class=\"a3s aiL \">\n<div dir=\"auto\">Most r\u00e9szletesen bemutatom a The One Everlasting Sync korrektor, a The One korrektor k\u00e9szlet, \u00e9s a The One Make-up Pro All Cover korrektor el\u0151nyeit.<\/div>\n<div dir=\"auto\"><\/div>\n<\/div>\n<\/div>\n<\/div>\n<\/div>\n<\/div>\n<p><!--more--><\/p>\n<div dir=\"auto\"><\/div>\n<div class=\"adn ads\" data-message-id=\"#msg-a:r8118609012232916305\" data-legacy-message-id=\"19165c262ee0e993\">\n<div class=\"gs\">\n<div class=\"\">\n<div id=\":1b8\" class=\"ii gt\">\n<div id=\":1b7\" class=\"a3s aiL \">\n<h3 dir=\"auto\" style=\"padding-left: 40px;\"><strong>The One Everlasting Sync: <\/strong><\/h3>\n<div dir=\"auto\" style=\"padding-left: 40px;\"><a href=\"http:\/\/https:\/\/hu.oriflame.com\/products\/product?code=41989&amp;store=HU-gyuraaniko-rendeles-leadas\"><img loading=\"lazy\" decoding=\"async\" class=\"alignleft wp-image-3990 size-thumbnail\" src=\"https:\/\/anioriteam.hu\/blog\/wp-content\/uploads\/2018\/04\/the-one-sync-korrektor-150x150.jpg\" alt=\"The One Everlasting Sync korrektor\" width=\"150\" height=\"150\" srcset=\"https:\/\/anioriteam.hu\/blog\/wp-content\/uploads\/2018\/04\/the-one-sync-korrektor-150x150.jpg 150w, https:\/\/anioriteam.hu\/blog\/wp-content\/uploads\/2018\/04\/the-one-sync-korrektor-100x100.jpg 100w\" sizes=\"auto, (max-width: 150px) 100vw, 150px\" \/><\/a><span style=\"text-decoration: underline;\">Tart\u00f3s \u00e9s term\u00e9szetes fed\u00e9s. <\/span><\/div>\n<div dir=\"auto\" style=\"padding-left: 40px;\"><strong><em><a href=\"https:\/\/shop.oriflame.com\/HU-anioribeauty\/bh3fXDPyj\" target=\"_blank\" rel=\"noopener\">\u21d2A The One Everlasting Sync korrektor<\/a><\/em><\/strong> kiv\u00e1l\u00f3 v\u00e1laszt\u00e1s mindennapi haszn\u00e1latra, hiszen hossz\u00fa t\u00e1v\u00fa, k\u00f6zepes fed\u00e9st biztos\u00edt. A Sync technol\u00f3gia seg\u00edts\u00e9g\u00e9vel a korrektor alkalmazkodik a k\u00f6rnyezeti viszonyokhoz, \u00edgy garant\u00e1lva, hogy a sminked eg\u00e9sz nap friss \u00e9s term\u00e9szetes maradjon. Emellett hidrat\u00e1l\u00f3 hat\u00e1s\u00fa is, \u00edgy megakad\u00e1lyozza a b\u0151r kisz\u00e1rad\u00e1s\u00e1t vagy t\u00falzott zs\u00edrosod\u00e1s\u00e1t. A precizi\u00f3s applik\u00e1torral k\u00f6nnyen lehet dolgozni.<\/div>\n<div dir=\"auto\" style=\"padding-left: 120px;\">H\u00e1rom \u00e1rnyalatban:<\/div>\n<ul>\n<li style=\"list-style-type: none;\">\n<ul>\n<li style=\"list-style-type: none;\">\n<ul>\n<li style=\"list-style-type: none;\">\n<ul>\n<li style=\"list-style-type: none;\">\n<ul>\n<li style=\"list-style-type: none;\">\n<ul>\n<li dir=\"auto\">Porcelain Cool 41989<\/li>\n<li dir=\"auto\">Light Beige Neutral 41990<\/li>\n<li dir=\"auto\">Sun Beige Warm 41991<\/li>\n<\/ul>\n<\/li>\n<\/ul>\n<\/li>\n<\/ul>\n<\/li>\n<\/ul>\n<\/li>\n<\/ul>\n<\/li>\n<\/ul>\n<div dir=\"auto\" style=\"padding-left: 40px;\"><\/div>\n<h3 dir=\"auto\" style=\"padding-left: 40px;\"><strong>The One korrektor k\u00e9szlet: <\/strong><\/h3>\n<div dir=\"auto\" style=\"padding-left: 40px;\"><a href=\"http:\/\/https:\/\/hu.oriflame.com\/products\/product?code=40772&amp;store=HU-gyuraaniko-rendeles-leadas\"><img loading=\"lazy\" decoding=\"async\" class=\"alignleft wp-image-3992 size-thumbnail\" src=\"https:\/\/anioriteam.hu\/blog\/wp-content\/uploads\/2018\/04\/the-one-korrektor-keszlet-150x150.jpg\" alt=\"The One korrektor k\u00e9szlet\" width=\"150\" height=\"150\" srcset=\"https:\/\/anioriteam.hu\/blog\/wp-content\/uploads\/2018\/04\/the-one-korrektor-keszlet-150x150.jpg 150w, https:\/\/anioriteam.hu\/blog\/wp-content\/uploads\/2018\/04\/the-one-korrektor-keszlet-100x100.jpg 100w\" sizes=\"auto, (max-width: 150px) 100vw, 150px\" \/><\/a><span style=\"text-decoration: underline;\">Szem\u00e9lyre szabhat\u00f3 fed\u00e9s. <\/span><\/div>\n<div dir=\"auto\" style=\"padding-left: 40px;\"><strong><em><a href=\"https:\/\/hu.oriflame.com\/products\/product?code=40772&amp;store=HU-anioribeauty\" target=\"_blank\" rel=\"noopener\">\u21d2A The One korrektor k\u00e9szlet<\/a><\/em><\/strong> t\u00f6bb \u00e1rnyalatot tartalmaz, melyeket keverve k\u00f6nnyed\u00e9n megtal\u00e1lhatod a b\u0151r\u00f6d t\u00f3nus\u00e1hoz legjobban ill\u0151 sz\u00ednt. A k\u00e9szlet multifunkcion\u00e1lis; nemcsak b\u0151rhib\u00e1k elfed\u00e9s\u00e9re, hanem kont\u00faroz\u00e1sra \u00e9s a b\u0151rsz\u00edn kiemel\u00e9s\u00e9re is alkalmas. A text\u00fara k\u00f6nnyen \u00e9p\u00edthet\u0151, \u00edgy a k\u00edv\u00e1nt fed\u00e9st el\u00e9rheted an\u00e9lk\u00fcl, hogy a smink neh\u00e9znek t\u0171nne.<\/div>\n<div dir=\"auto\" style=\"padding-left: 80px;\">H\u00e1rom \u00e1rnyalatban:<\/div>\n<ul>\n<li style=\"list-style-type: none;\">\n<ul>\n<li style=\"list-style-type: none;\">\n<ul>\n<li style=\"list-style-type: none;\">\n<ul>\n<li style=\"list-style-type: none;\">\n<ul>\n<li dir=\"auto\"><span class=\"MuiTypography-root MuiTypography-caption products-app-emotion-1030xr3\">Light <\/span><span class=\"MuiTypography-root MuiTypography-caption products-app-emotion-1030xr3\">40772<\/span><\/li>\n<li dir=\"auto\"><span class=\"MuiTypography-root MuiTypography-caption products-app-emotion-1030xr3\">Medium <\/span><span class=\"MuiTypography-root MuiTypography-caption products-app-emotion-1030xr3\">40773<\/span><\/li>\n<li dir=\"auto\"><span class=\"MuiTypography-root MuiTypography-caption products-app-emotion-1030xr3\">Dark 40774<\/span><\/li>\n<\/ul>\n<\/li>\n<\/ul>\n<\/li>\n<\/ul>\n<\/li>\n<\/ul>\n<\/li>\n<\/ul>\n<h3 dir=\"auto\" style=\"padding-left: 40px;\"><strong>The One Make-up Pro All Cover: <\/strong><\/h3>\n<div dir=\"auto\" style=\"padding-left: 40px;\"><img loading=\"lazy\" decoding=\"async\" class=\"wp-image-3994 size-thumbnail alignleft\" src=\"https:\/\/anioriteam.hu\/blog\/wp-content\/uploads\/2018\/04\/the-one-make-up-pro-all-cover-150x150.jpg\" alt=\"The One Make up Pro All Cover \" width=\"150\" height=\"150\" srcset=\"https:\/\/anioriteam.hu\/blog\/wp-content\/uploads\/2018\/04\/the-one-make-up-pro-all-cover-150x150.jpg 150w, https:\/\/anioriteam.hu\/blog\/wp-content\/uploads\/2018\/04\/the-one-make-up-pro-all-cover-100x100.jpg 100w\" sizes=\"auto, (max-width: 150px) 100vw, 150px\" \/><span style=\"text-decoration: underline;\">Alapoz\u00f3 \u00e9s korrektor egyben. <\/span><\/div>\n<div dir=\"auto\" style=\"padding-left: 40px;\"><strong><em><a href=\"https:\/\/shop.oriflame.com\/bh3hb5VZc\" target=\"_blank\" rel=\"noopener\">\u21d2A The One Make-up Pro All Cover<\/a><\/em><\/strong> korrektor egy igazi mindenes, amely korrektor \u00e9s alapoz\u00f3 egyben. Magas fed\u0151k\u00e9pess\u00e9g\u00e9vel t\u00f6k\u00e9letesen elfedi a b\u0151rhib\u00e1kat, \u00e9s hosszan tart\u00f3 viseletet biztos\u00edt. Ide\u00e1lis v\u00e1laszt\u00e1s, ha er\u0151sebb fed\u00e9sre van sz\u00fcks\u00e9ged, de nem szeretn\u00e9l t\u00f6bb r\u00e9teg sminket haszn\u00e1lni. K\u00f6nny\u0171 \u00e9rz\u00e9s, r\u00e9tegezhet\u0151 fed\u00e9s, nem fakul, meg\u0151rzi \u00e1llag\u00e1t. Kicsavarhat\u00f3, r\u00fazs form\u00e1j\u00fa kiszerel\u00e9se k\u00e9nyelmesen haszn\u00e1lhat\u00f3.<\/div>\n<div dir=\"auto\" style=\"padding-left: 40px;\"><\/div>\n<h2 dir=\"auto\"><strong>Hogyan rendelheted meg a The One korrektorokat?<\/strong><\/h2>\n<div dir=\"auto\">Az Oriflame The One korrektor aktu\u00e1lis k\u00edn\u00e1lat term\u00e9keit egyszer\u0171en <strong><em><a href=\"https:\/\/anioriteam.hu\/blog\/oriflame-rendeles\/\" target=\"_blank\" rel=\"noopener\">megrendelheted<\/a><\/em><\/strong>\u00a0 a \u00a0<strong><em><a href=\"https:\/\/hu.oriflame.com\/search?query=the+one+korrektor&amp;store=HU-anioribeauty\" target=\"_blank\" rel=\"noopener\">referencia linkemen<\/a><\/em><\/strong> kereszt\u00fcl, ahol tags\u00e1ggal vagy Brand partnerk\u00e9nt kedvezm\u00e9nyekhez \u00e9s exkluz\u00edv aj\u00e1nlatokhoz is hozz\u00e1f\u00e9rhetsz.<\/div>\n<div dir=\"auto\"><a class=\"maxbutton-6 maxbutton maxbutton-oriflame-tagsag-regisztracio\" target=\"_blank\" rel=\"noopener\" href=\"https:\/\/hu.oriflame.com\/search?query=the+one+korrektor&#038;store=HU-anioribeauty\"><span class='mb-text'>Rendelni szeretn\u00e9k!<\/span><\/a><\/div>\n<div class=\"adL\"><\/div>\n<\/div>\n<\/div>\n<\/div>\n<\/div>\n<\/div>\n","protected":false},"excerpt":{"rendered":"<p>Oriflame The One korrektor\u00a0 Az Oriflame The One korrektorokr\u00f3l: T\u00f6k\u00e9letes fed\u00e9s minden helyzetben Az Oriflame The One kollekci\u00f3 h\u00e1rom k\u00fcl\u00f6nb\u00f6z\u0151 korrektort k\u00edn\u00e1l, amelyek mindegyike saj\u00e1tos el\u0151ny\u00f6kkel rendelkezik. Ezek a term\u00e9kek nemcsak a b\u0151rhib\u00e1k elfed\u00e9s\u00e9re alkalmasak, hanem a b\u0151r \u00e1pol\u00e1s\u00e1ra is. Most r\u00e9szletesen bemutatom a The One Everlasting Sync korrektor, a The One korrektor k\u00e9szlet, \u00e9s &hellip; <\/p>\n<p class=\"link-more\"><a href=\"https:\/\/anioriteam.hu\/blog\/oriflame-the-one-korrektor\/\" class=\"more-link\"><span class=\"screen-reader-text\">&#8222;Oriflame The One korrektor&#8221;<\/span> b\u0151vebben<\/a><\/p>\n","protected":false},"author":1,"featured_media":0,"comment_status":"closed","ping_status":"open","sticky":false,"template":"","format":"standard","meta":{"footnotes":""},"categories":[3,1,49],"tags":[100,63,45,33,76],"class_list":["post-517","post","type-post","status-publish","format-standard","hentry","category-oriflame","category-oriflame-termekek","category-smink","tag-korrektor","tag-oriflame","tag-smink","tag-szepseg","tag-the-one"],"yoast_head":"<!-- This site is optimized with the Yoast SEO plugin v27.4 - https:\/\/yoast.com\/product\/yoast-seo-wordpress\/ -->\n<title>Oriflame The One korrektor - Oriflame blog - anioriteam.hu<\/title>\n<meta name=\"description\" content=\"Oriflame The One korrektor t\u00f6k\u00e9letes fed\u00e9s minden helyzetben. Fedezd fel az aktu\u00e1lis k\u00edn\u00e1latot. H\u00e1rom k\u00fcl\u00f6nb\u00f6z\u0151 korrektor saj\u00e1tos el\u0151ny\u00f6kkel.\" \/>\n<meta name=\"robots\" content=\"index, follow, max-snippet:-1, max-image-preview:large, max-video-preview:-1\" \/>\n<link rel=\"canonical\" href=\"https:\/\/anioriteam.hu\/blog\/oriflame-the-one-korrektor\/\" \/>\n<meta property=\"og:locale\" content=\"hu_HU\" \/>\n<meta property=\"og:type\" content=\"article\" \/>\n<meta property=\"og:title\" content=\"Oriflame The One korrektor - Oriflame blog - anioriteam.hu\" \/>\n<meta property=\"og:description\" content=\"Oriflame The One korrektor t\u00f6k\u00e9letes fed\u00e9s minden helyzetben. Fedezd fel az aktu\u00e1lis k\u00edn\u00e1latot. H\u00e1rom k\u00fcl\u00f6nb\u00f6z\u0151 korrektor saj\u00e1tos el\u0151ny\u00f6kkel.\" \/>\n<meta property=\"og:url\" content=\"https:\/\/anioriteam.hu\/blog\/oriflame-the-one-korrektor\/\" \/>\n<meta property=\"og:site_name\" content=\"Oriflame Blog - anioriteam.hu - sz\u00e9ps\u00e9g, inspir\u00e1ci\u00f3 \u00e9s tan\u00e1csok\" \/>\n<meta property=\"article:publisher\" content=\"https:\/\/facebook.com\/aniori\" \/>\n<meta property=\"article:author\" content=\"https:\/\/www.facebook.com\/aniori\/\" \/>\n<meta property=\"article:published_time\" content=\"2025-10-12T20:46:36+00:00\" \/>\n<meta property=\"article:modified_time\" content=\"2025-10-12T20:48:56+00:00\" \/>\n<meta property=\"og:image\" content=\"https:\/\/anioriteam.hu\/blog\/wp-content\/uploads\/2018\/04\/the-one-sync-korrektor-150x150.jpg\" \/>\n<meta name=\"author\" content=\"Anik\u00f3\" \/>\n<meta name=\"twitter:card\" content=\"summary_large_image\" \/>\n<meta name=\"twitter:creator\" content=\"@anioriteam\" \/>\n<meta name=\"twitter:label1\" content=\"Szerz\u0151:\" \/>\n\t<meta name=\"twitter:data1\" content=\"Anik\u00f3\" \/>\n\t<meta name=\"twitter:label2\" content=\"Becs\u00fclt olvas\u00e1si id\u0151\" \/>\n\t<meta name=\"twitter:data2\" content=\"3 perc\" \/>\n<script type=\"application\/ld+json\" class=\"yoast-schema-graph\">{\"@context\":\"https:\\\/\\\/schema.org\",\"@graph\":[{\"@type\":\"Article\",\"@id\":\"https:\\\/\\\/anioriteam.hu\\\/blog\\\/oriflame-the-one-korrektor\\\/#article\",\"isPartOf\":{\"@id\":\"https:\\\/\\\/anioriteam.hu\\\/blog\\\/oriflame-the-one-korrektor\\\/\"},\"author\":{\"name\":\"Anik\u00f3\",\"@id\":\"https:\\\/\\\/anioriteam.hu\\\/blog\\\/#\\\/schema\\\/person\\\/5014c0a584565de1ec90cd102f5cbba9\"},\"headline\":\"Oriflame The One korrektor\",\"datePublished\":\"2025-10-12T20:46:36+00:00\",\"dateModified\":\"2025-10-12T20:48:56+00:00\",\"mainEntityOfPage\":{\"@id\":\"https:\\\/\\\/anioriteam.hu\\\/blog\\\/oriflame-the-one-korrektor\\\/\"},\"wordCount\":454,\"publisher\":{\"@id\":\"https:\\\/\\\/anioriteam.hu\\\/blog\\\/#organization\"},\"image\":{\"@id\":\"https:\\\/\\\/anioriteam.hu\\\/blog\\\/oriflame-the-one-korrektor\\\/#primaryimage\"},\"thumbnailUrl\":\"https:\\\/\\\/anioriteam.hu\\\/blog\\\/wp-content\\\/uploads\\\/2018\\\/04\\\/the-one-sync-korrektor-150x150.jpg\",\"keywords\":[\"korrektor\",\"oriflame\",\"smink\",\"sz\u00e9ps\u00e9g\",\"the one\"],\"articleSection\":[\"Oriflame\",\"Oriflame term\u00e9kek\",\"Smink\"],\"inLanguage\":\"hu\"},{\"@type\":\"WebPage\",\"@id\":\"https:\\\/\\\/anioriteam.hu\\\/blog\\\/oriflame-the-one-korrektor\\\/\",\"url\":\"https:\\\/\\\/anioriteam.hu\\\/blog\\\/oriflame-the-one-korrektor\\\/\",\"name\":\"Oriflame The One korrektor - Oriflame blog - anioriteam.hu\",\"isPartOf\":{\"@id\":\"https:\\\/\\\/anioriteam.hu\\\/blog\\\/#website\"},\"primaryImageOfPage\":{\"@id\":\"https:\\\/\\\/anioriteam.hu\\\/blog\\\/oriflame-the-one-korrektor\\\/#primaryimage\"},\"image\":{\"@id\":\"https:\\\/\\\/anioriteam.hu\\\/blog\\\/oriflame-the-one-korrektor\\\/#primaryimage\"},\"thumbnailUrl\":\"https:\\\/\\\/anioriteam.hu\\\/blog\\\/wp-content\\\/uploads\\\/2018\\\/04\\\/the-one-sync-korrektor-150x150.jpg\",\"datePublished\":\"2025-10-12T20:46:36+00:00\",\"dateModified\":\"2025-10-12T20:48:56+00:00\",\"description\":\"Oriflame The One korrektor t\u00f6k\u00e9letes fed\u00e9s minden helyzetben. Fedezd fel az aktu\u00e1lis k\u00edn\u00e1latot. H\u00e1rom k\u00fcl\u00f6nb\u00f6z\u0151 korrektor saj\u00e1tos el\u0151ny\u00f6kkel.\",\"breadcrumb\":{\"@id\":\"https:\\\/\\\/anioriteam.hu\\\/blog\\\/oriflame-the-one-korrektor\\\/#breadcrumb\"},\"inLanguage\":\"hu\",\"potentialAction\":[{\"@type\":\"ReadAction\",\"target\":[\"https:\\\/\\\/anioriteam.hu\\\/blog\\\/oriflame-the-one-korrektor\\\/\"]}]},{\"@type\":\"ImageObject\",\"inLanguage\":\"hu\",\"@id\":\"https:\\\/\\\/anioriteam.hu\\\/blog\\\/oriflame-the-one-korrektor\\\/#primaryimage\",\"url\":\"https:\\\/\\\/anioriteam.hu\\\/blog\\\/wp-content\\\/uploads\\\/2018\\\/04\\\/the-one-sync-korrektor.jpg\",\"contentUrl\":\"https:\\\/\\\/anioriteam.hu\\\/blog\\\/wp-content\\\/uploads\\\/2018\\\/04\\\/the-one-sync-korrektor.jpg\",\"width\":400,\"height\":409,\"caption\":\"The One Everlasting Sync korrektor\"},{\"@type\":\"BreadcrumbList\",\"@id\":\"https:\\\/\\\/anioriteam.hu\\\/blog\\\/oriflame-the-one-korrektor\\\/#breadcrumb\",\"itemListElement\":[{\"@type\":\"ListItem\",\"position\":1,\"name\":\"Home\",\"item\":\"https:\\\/\\\/anioriteam.hu\\\/blog\\\/\"},{\"@type\":\"ListItem\",\"position\":2,\"name\":\"Oriflame The One korrektor\"}]},{\"@type\":\"WebSite\",\"@id\":\"https:\\\/\\\/anioriteam.hu\\\/blog\\\/#website\",\"url\":\"https:\\\/\\\/anioriteam.hu\\\/blog\\\/\",\"name\":\"Oriflame Blog\",\"description\":\"Fedezd fel az Aniori Team Oriflame blogj\u00e1t! Sz\u00e9ps\u00e9gtippek, term\u00e9kaj\u00e1nl\u00f3k, \u00fajdons\u00e1gok \u00e9s hasznos tan\u00e1csok az Oriflame vil\u00e1g\u00e1b\u00f3l - hiteles forr\u00e1sb\u00f3l  naprak\u00e9szen.\",\"publisher\":{\"@id\":\"https:\\\/\\\/anioriteam.hu\\\/blog\\\/#organization\"},\"potentialAction\":[{\"@type\":\"SearchAction\",\"target\":{\"@type\":\"EntryPoint\",\"urlTemplate\":\"https:\\\/\\\/anioriteam.hu\\\/blog\\\/?s={search_term_string}\"},\"query-input\":{\"@type\":\"PropertyValueSpecification\",\"valueRequired\":true,\"valueName\":\"search_term_string\"}}],\"inLanguage\":\"hu\"},{\"@type\":\"Organization\",\"@id\":\"https:\\\/\\\/anioriteam.hu\\\/blog\\\/#organization\",\"name\":\"Aniori Team\",\"url\":\"https:\\\/\\\/anioriteam.hu\\\/blog\\\/\",\"logo\":{\"@type\":\"ImageObject\",\"inLanguage\":\"hu\",\"@id\":\"https:\\\/\\\/anioriteam.hu\\\/blog\\\/#\\\/schema\\\/logo\\\/image\\\/\",\"url\":\"https:\\\/\\\/anioriteam.hu\\\/blog\\\/wp-content\\\/uploads\\\/2017\\\/12\\\/logo.png\",\"contentUrl\":\"https:\\\/\\\/anioriteam.hu\\\/blog\\\/wp-content\\\/uploads\\\/2017\\\/12\\\/logo.png\",\"width\":205,\"height\":100,\"caption\":\"Aniori Team\"},\"image\":{\"@id\":\"https:\\\/\\\/anioriteam.hu\\\/blog\\\/#\\\/schema\\\/logo\\\/image\\\/\"},\"sameAs\":[\"https:\\\/\\\/facebook.com\\\/aniori\",\"https:\\\/\\\/instagram.com\\\/anioribeauty\",\"https:\\\/\\\/pinterest.com\\\/anioribeauty\"]},{\"@type\":\"Person\",\"@id\":\"https:\\\/\\\/anioriteam.hu\\\/blog\\\/#\\\/schema\\\/person\\\/5014c0a584565de1ec90cd102f5cbba9\",\"name\":\"Anik\u00f3\",\"image\":{\"@type\":\"ImageObject\",\"inLanguage\":\"hu\",\"@id\":\"https:\\\/\\\/secure.gravatar.com\\\/avatar\\\/c622ed7f57047f32fe2c7e3bf61e9d7e8ac30d1930d916e0865ef2c17df4bc58?s=96&d=blank&r=g\",\"url\":\"https:\\\/\\\/secure.gravatar.com\\\/avatar\\\/c622ed7f57047f32fe2c7e3bf61e9d7e8ac30d1930d916e0865ef2c17df4bc58?s=96&d=blank&r=g\",\"contentUrl\":\"https:\\\/\\\/secure.gravatar.com\\\/avatar\\\/c622ed7f57047f32fe2c7e3bf61e9d7e8ac30d1930d916e0865ef2c17df4bc58?s=96&d=blank&r=g\",\"caption\":\"Anik\u00f3\"},\"description\":\"Gyura Anik\u00f3 Oriflame; Brand partner and Beauty Expert\",\"sameAs\":[\"https:\\\/\\\/anioriteam.hu\\\/\",\"https:\\\/\\\/www.facebook.com\\\/aniori\\\/\",\"https:\\\/\\\/www.instagram.com\\\/anioribeauty\\\/\",\"https:\\\/\\\/x.com\\\/anioriteam\"]}]}<\/script>\n<!-- \/ Yoast SEO plugin. -->","yoast_head_json":{"title":"Oriflame The One korrektor - Oriflame blog - anioriteam.hu","description":"Oriflame The One korrektor t\u00f6k\u00e9letes fed\u00e9s minden helyzetben. Fedezd fel az aktu\u00e1lis k\u00edn\u00e1latot. H\u00e1rom k\u00fcl\u00f6nb\u00f6z\u0151 korrektor saj\u00e1tos el\u0151ny\u00f6kkel.","robots":{"index":"index","follow":"follow","max-snippet":"max-snippet:-1","max-image-preview":"max-image-preview:large","max-video-preview":"max-video-preview:-1"},"canonical":"https:\/\/anioriteam.hu\/blog\/oriflame-the-one-korrektor\/","og_locale":"hu_HU","og_type":"article","og_title":"Oriflame The One korrektor - Oriflame blog - anioriteam.hu","og_description":"Oriflame The One korrektor t\u00f6k\u00e9letes fed\u00e9s minden helyzetben. Fedezd fel az aktu\u00e1lis k\u00edn\u00e1latot. H\u00e1rom k\u00fcl\u00f6nb\u00f6z\u0151 korrektor saj\u00e1tos el\u0151ny\u00f6kkel.","og_url":"https:\/\/anioriteam.hu\/blog\/oriflame-the-one-korrektor\/","og_site_name":"Oriflame Blog - anioriteam.hu - sz\u00e9ps\u00e9g, inspir\u00e1ci\u00f3 \u00e9s tan\u00e1csok","article_publisher":"https:\/\/facebook.com\/aniori","article_author":"https:\/\/www.facebook.com\/aniori\/","article_published_time":"2025-10-12T20:46:36+00:00","article_modified_time":"2025-10-12T20:48:56+00:00","og_image":[{"url":"https:\/\/anioriteam.hu\/blog\/wp-content\/uploads\/2018\/04\/the-one-sync-korrektor-150x150.jpg","type":"","width":"","height":""}],"author":"Anik\u00f3","twitter_card":"summary_large_image","twitter_creator":"@anioriteam","twitter_misc":{"Szerz\u0151:":"Anik\u00f3","Becs\u00fclt olvas\u00e1si id\u0151":"3 perc"},"schema":{"@context":"https:\/\/schema.org","@graph":[{"@type":"Article","@id":"https:\/\/anioriteam.hu\/blog\/oriflame-the-one-korrektor\/#article","isPartOf":{"@id":"https:\/\/anioriteam.hu\/blog\/oriflame-the-one-korrektor\/"},"author":{"name":"Anik\u00f3","@id":"https:\/\/anioriteam.hu\/blog\/#\/schema\/person\/5014c0a584565de1ec90cd102f5cbba9"},"headline":"Oriflame The One korrektor","datePublished":"2025-10-12T20:46:36+00:00","dateModified":"2025-10-12T20:48:56+00:00","mainEntityOfPage":{"@id":"https:\/\/anioriteam.hu\/blog\/oriflame-the-one-korrektor\/"},"wordCount":454,"publisher":{"@id":"https:\/\/anioriteam.hu\/blog\/#organization"},"image":{"@id":"https:\/\/anioriteam.hu\/blog\/oriflame-the-one-korrektor\/#primaryimage"},"thumbnailUrl":"https:\/\/anioriteam.hu\/blog\/wp-content\/uploads\/2018\/04\/the-one-sync-korrektor-150x150.jpg","keywords":["korrektor","oriflame","smink","sz\u00e9ps\u00e9g","the one"],"articleSection":["Oriflame","Oriflame term\u00e9kek","Smink"],"inLanguage":"hu"},{"@type":"WebPage","@id":"https:\/\/anioriteam.hu\/blog\/oriflame-the-one-korrektor\/","url":"https:\/\/anioriteam.hu\/blog\/oriflame-the-one-korrektor\/","name":"Oriflame The One korrektor - Oriflame blog - anioriteam.hu","isPartOf":{"@id":"https:\/\/anioriteam.hu\/blog\/#website"},"primaryImageOfPage":{"@id":"https:\/\/anioriteam.hu\/blog\/oriflame-the-one-korrektor\/#primaryimage"},"image":{"@id":"https:\/\/anioriteam.hu\/blog\/oriflame-the-one-korrektor\/#primaryimage"},"thumbnailUrl":"https:\/\/anioriteam.hu\/blog\/wp-content\/uploads\/2018\/04\/the-one-sync-korrektor-150x150.jpg","datePublished":"2025-10-12T20:46:36+00:00","dateModified":"2025-10-12T20:48:56+00:00","description":"Oriflame The One korrektor t\u00f6k\u00e9letes fed\u00e9s minden helyzetben. Fedezd fel az aktu\u00e1lis k\u00edn\u00e1latot. H\u00e1rom k\u00fcl\u00f6nb\u00f6z\u0151 korrektor saj\u00e1tos el\u0151ny\u00f6kkel.","breadcrumb":{"@id":"https:\/\/anioriteam.hu\/blog\/oriflame-the-one-korrektor\/#breadcrumb"},"inLanguage":"hu","potentialAction":[{"@type":"ReadAction","target":["https:\/\/anioriteam.hu\/blog\/oriflame-the-one-korrektor\/"]}]},{"@type":"ImageObject","inLanguage":"hu","@id":"https:\/\/anioriteam.hu\/blog\/oriflame-the-one-korrektor\/#primaryimage","url":"https:\/\/anioriteam.hu\/blog\/wp-content\/uploads\/2018\/04\/the-one-sync-korrektor.jpg","contentUrl":"https:\/\/anioriteam.hu\/blog\/wp-content\/uploads\/2018\/04\/the-one-sync-korrektor.jpg","width":400,"height":409,"caption":"The One Everlasting Sync korrektor"},{"@type":"BreadcrumbList","@id":"https:\/\/anioriteam.hu\/blog\/oriflame-the-one-korrektor\/#breadcrumb","itemListElement":[{"@type":"ListItem","position":1,"name":"Home","item":"https:\/\/anioriteam.hu\/blog\/"},{"@type":"ListItem","position":2,"name":"Oriflame The One korrektor"}]},{"@type":"WebSite","@id":"https:\/\/anioriteam.hu\/blog\/#website","url":"https:\/\/anioriteam.hu\/blog\/","name":"Oriflame Blog","description":"Fedezd fel az Aniori Team Oriflame blogj\u00e1t! Sz\u00e9ps\u00e9gtippek, term\u00e9kaj\u00e1nl\u00f3k, \u00fajdons\u00e1gok \u00e9s hasznos tan\u00e1csok az Oriflame vil\u00e1g\u00e1b\u00f3l - hiteles forr\u00e1sb\u00f3l  naprak\u00e9szen.","publisher":{"@id":"https:\/\/anioriteam.hu\/blog\/#organization"},"potentialAction":[{"@type":"SearchAction","target":{"@type":"EntryPoint","urlTemplate":"https:\/\/anioriteam.hu\/blog\/?s={search_term_string}"},"query-input":{"@type":"PropertyValueSpecification","valueRequired":true,"valueName":"search_term_string"}}],"inLanguage":"hu"},{"@type":"Organization","@id":"https:\/\/anioriteam.hu\/blog\/#organization","name":"Aniori Team","url":"https:\/\/anioriteam.hu\/blog\/","logo":{"@type":"ImageObject","inLanguage":"hu","@id":"https:\/\/anioriteam.hu\/blog\/#\/schema\/logo\/image\/","url":"https:\/\/anioriteam.hu\/blog\/wp-content\/uploads\/2017\/12\/logo.png","contentUrl":"https:\/\/anioriteam.hu\/blog\/wp-content\/uploads\/2017\/12\/logo.png","width":205,"height":100,"caption":"Aniori Team"},"image":{"@id":"https:\/\/anioriteam.hu\/blog\/#\/schema\/logo\/image\/"},"sameAs":["https:\/\/facebook.com\/aniori","https:\/\/instagram.com\/anioribeauty","https:\/\/pinterest.com\/anioribeauty"]},{"@type":"Person","@id":"https:\/\/anioriteam.hu\/blog\/#\/schema\/person\/5014c0a584565de1ec90cd102f5cbba9","name":"Anik\u00f3","image":{"@type":"ImageObject","inLanguage":"hu","@id":"https:\/\/secure.gravatar.com\/avatar\/c622ed7f57047f32fe2c7e3bf61e9d7e8ac30d1930d916e0865ef2c17df4bc58?s=96&d=blank&r=g","url":"https:\/\/secure.gravatar.com\/avatar\/c622ed7f57047f32fe2c7e3bf61e9d7e8ac30d1930d916e0865ef2c17df4bc58?s=96&d=blank&r=g","contentUrl":"https:\/\/secure.gravatar.com\/avatar\/c622ed7f57047f32fe2c7e3bf61e9d7e8ac30d1930d916e0865ef2c17df4bc58?s=96&d=blank&r=g","caption":"Anik\u00f3"},"description":"Gyura Anik\u00f3 Oriflame; Brand partner and Beauty Expert","sameAs":["https:\/\/anioriteam.hu\/","https:\/\/www.facebook.com\/aniori\/","https:\/\/www.instagram.com\/anioribeauty\/","https:\/\/x.com\/anioriteam"]}]}},"_links":{"self":[{"href":"https:\/\/anioriteam.hu\/blog\/wp-json\/wp\/v2\/posts\/517","targetHints":{"allow":["GET"]}}],"collection":[{"href":"https:\/\/anioriteam.hu\/blog\/wp-json\/wp\/v2\/posts"}],"about":[{"href":"https:\/\/anioriteam.hu\/blog\/wp-json\/wp\/v2\/types\/post"}],"author":[{"embeddable":true,"href":"https:\/\/anioriteam.hu\/blog\/wp-json\/wp\/v2\/users\/1"}],"replies":[{"embeddable":true,"href":"https:\/\/anioriteam.hu\/blog\/wp-json\/wp\/v2\/comments?post=517"}],"version-history":[{"count":0,"href":"https:\/\/anioriteam.hu\/blog\/wp-json\/wp\/v2\/posts\/517\/revisions"}],"wp:attachment":[{"href":"https:\/\/anioriteam.hu\/blog\/wp-json\/wp\/v2\/media?parent=517"}],"wp:term":[{"taxonomy":"category","embeddable":true,"href":"https:\/\/anioriteam.hu\/blog\/wp-json\/wp\/v2\/categories?post=517"},{"taxonomy":"post_tag","embeddable":true,"href":"https:\/\/anioriteam.hu\/blog\/wp-json\/wp\/v2\/tags?post=517"}],"curies":[{"name":"wp","href":"https:\/\/api.w.org\/{rel}","templated":true}]}}